{"id":8663,"date":"2025-09-19T15:15:29","date_gmt":"2025-09-19T22:15:29","guid":{"rendered":"https:\/\/conslosangeles.esteri.it\/?p=8663"},"modified":"2025-09-19T15:21:57","modified_gmt":"2025-09-19T22:21:57","slug":"dallitalia-al-mondo-beverly-hills-ospita-la-seconda-edizione-della-giornata-dello-sport-italiano-nel-mondo-celebrando-leccellenza-e-lunita-attraverso-lo-sport","status":"publish","type":"post","link":"https:\/\/conslosangeles.esteri.it\/it\/news\/dal_consolato\/2025\/09\/dallitalia-al-mondo-beverly-hills-ospita-la-seconda-edizione-della-giornata-dello-sport-italiano-nel-mondo-celebrando-leccellenza-e-lunita-attraverso-lo-sport\/","title":{"rendered":"Dall\u2019Italia al Mondo: Beverly Hills ospita la seconda edizione della Giornata dello Sport Italiano nel Mondo, celebrando l\u2019eccellenza e l\u2019unit\u00e0 attraverso lo sport"},"content":{"rendered":"<p style=\"text-align: justify;\"><strong>Beverly Hills, CA \u2013 17 settembre 2025<\/strong> \u2014 La Citt\u00e0 di Beverly Hills ha accolto la seconda edizione della <em>Giornata dello Sport Italiano nel Mondo<\/em>, un\u2019iniziativa organizzata in collaborazione con le istituzioni italiane a Los Angeles e il <strong>Comitato Olimpico Nazionale Italiano (CONI)<\/strong>, per celebrare l\u2019eccellenza italiana nello sport, nell\u2019innovazione e nella cultura all\u2019estero.<\/p>\n<p style=\"text-align: justify;\">L\u2019evento, che si \u00e8 svolto presso Roxbury Park, ha riunito rappresentanti della vivace comunit\u00e0 italiana composta da atleti, ricercatori e imprenditori che stanno lasciando il segno a livello globale. Un ringraziamento speciale \u00e8 stato rivolto dal Console Generale d\u2019Italia a Los Angeles, Raffaella Valentini, alla Sindaca di Beverly Hills, Dr.ssa Sharona Nazarian, per il suo sostegno e la calorosa ospitalit\u00e0.<\/p>\n<p style=\"text-align: justify;\">Tre ospiti d\u2019onore hanno impreziosito l\u2019evento:<\/p>\n<ul style=\"text-align: justify;\">\n<li><strong>Sofia Cantore<\/strong>, attaccante del Washington Spirit e della Nazionale italiana di calcio, recentemente nominata <em>Ambasciatrice dello Sport Italiano<\/em> dal Ministero degli Affari Esteri e della Cooperazione Internazionale;<\/li>\n<li><strong>Fabrizio Gamberini<\/strong>, in rappresentanza di <strong>Vibram<\/strong>, azienda italiana pioniera nel design innovativo per calzature sportive;<\/li>\n<li><strong>ssa Maura Fanti<\/strong>, ricercatrice presso il <em>Longevity Institute<\/em> dell\u2019Universit\u00e0 della California del Sud (USC), che lavora a fianco del rinomato Professor Valter Longo.<\/li>\n<\/ul>\n<p style=\"text-align: justify;\">Il panel, moderato dalla giornalista sportiva italiana <strong>Veronica Maffei<\/strong>, ha messo in luce come la ricerca scientifica, l\u2019industria innovativa e le performance atletiche contribuiscano insieme a una visione olistica del benessere e dell\u2019eccellenza. Gli atleti e i professionisti italiani all\u2019estero si stanno affermando come veri e propri \u201cdiplomatici dello sport\u201d, promuovendo non solo la performance sportiva, ma anche i valori e l\u2019identit\u00e0 italiana.<\/p>\n<p style=\"text-align: justify;\">La celebrazione ha guardato anche ai prossimi traguardi internazionali, tra cui i <strong>Giochi Olimpici Invernali di Milano-Cortina 2026<\/strong> e le <strong>Olimpiadi Estive di Los Angeles 2028<\/strong>, uniti da una visione comune di sostenibilit\u00e0, inclusione e cooperazione interculturale.<\/p>\n<p style=\"text-align: justify;\"><em>\u201cLa Giornata dello Sport Italiano \u00e8 pi\u00f9 di una celebrazione: \u00e8 un momento strategico per riflettere su come lo sport connetta persone, economie e futuri,\u201d<\/em> ha dichiarato il Console Generale <strong>Raffaella Valentini<\/strong>. <em>\u201cDall\u2019Italia al mondo, siamo orgogliosi di vedere come l\u2019eccellenza italiana prospera e ispira a livello globale.\u201d<\/em><\/p>\n<p style=\"text-align: justify;\">\u201cBeverly Hills \u00e8 onorata di essere la citt\u00e0 ospitante di questo straordinario evento, in cui lo sport unisce persone di tutto il mondo e incarna lo spirito di unit\u00e0 che definisce la nostra citt\u00e0,\u201d ha affermato la Sindaca <strong>Sharona Nazarian<\/strong>. \u201cCome citt\u00e0 dal riconoscimento globale, da sempre simbolo di lusso, creativit\u00e0 e unit\u00e0, celebriamo l\u2019eccellenza italiana e guardiamo a una collaborazione duratura che rafforzi le nostre comunit\u00e0 e rifletta il meglio di ci\u00f2 che siamo.\u201d<\/p>\n<p style=\"text-align: justify;\">L\u2019evento ha riaffermato il potere dello sport come forza unificante \u2014 capace di costruire comunit\u00e0, promuovere il benessere e favorire la comprensione internazionale.<\/p>\n<p>&nbsp;<\/p>\n<p>&nbsp;<\/p>\n","protected":false},"excerpt":{"rendered":"Beverly Hills, CA \u2013 17 settembre 2025 \u2014 La Citt\u00e0 di Beverly Hills ha accolto la seconda edizione della Giornata dello Sport Italiano nel Mondo, un\u2019iniziativa organizzata in collaborazione con le istituzioni italiane a Los Angeles e il Comitato Olimpico Nazionale Italiano (CONI), per celebrare l\u2019eccellenza italiana nello sport, nell\u2019innovazione e nella cultura all\u2019estero. L\u2019evento, [&hellip;]","protected":false},"author":3,"featured_media":8682,"comment_status":"closed","ping_status":"closed","sticky":false,"template":"","format":"standard","meta":{"footnotes":""},"tags":[],"class_list":["post-8663","post","type-post","status-publish","format-standard","has-post-thumbnail","hentry"],"_links":{"self":[{"href":"https:\/\/conslosangeles.esteri.it\/it\/wp-json\/wp\/v2\/posts\/8663","targetHints":{"allow":["GET"]}}],"collection":[{"href":"https:\/\/conslosangeles.esteri.it\/it\/wp-json\/wp\/v2\/posts"}],"about":[{"href":"https:\/\/conslosangeles.esteri.it\/it\/wp-json\/wp\/v2\/types\/post"}],"author":[{"embeddable":true,"href":"https:\/\/conslosangeles.esteri.it\/it\/wp-json\/wp\/v2\/users\/3"}],"replies":[{"embeddable":true,"href":"https:\/\/conslosangeles.esteri.it\/it\/wp-json\/wp\/v2\/comments?post=8663"}],"version-history":[{"count":1,"href":"https:\/\/conslosangeles.esteri.it\/it\/wp-json\/wp\/v2\/posts\/8663\/revisions"}],"predecessor-version":[{"id":8687,"href":"https:\/\/conslosangeles.esteri.it\/it\/wp-json\/wp\/v2\/posts\/8663\/revisions\/8687"}],"wp:featuredmedia":[{"embeddable":true,"href":"https:\/\/conslosangeles.esteri.it\/it\/wp-json\/wp\/v2\/media\/8682"}],"wp:attachment":[{"href":"https:\/\/conslosangeles.esteri.it\/it\/wp-json\/wp\/v2\/media?parent=8663"}],"wp:term":[{"taxonomy":"post_tag","embeddable":true,"href":"https:\/\/conslosangeles.esteri.it\/it\/wp-json\/wp\/v2\/tags?post=8663"}],"curies":[{"name":"wp","href":"https:\/\/api.w.org\/{rel}","templated":true}]}}