{"id":3966,"date":"2016-01-28T02:46:00","date_gmt":"2016-01-28T09:46:00","guid":{"rendered":"https:\/\/conslosangeles.esteri.it\/news\/dal_consolato\/2016\/01\/il-ritorno-di-barbablu-los-angeles\/"},"modified":"2016-01-28T02:46:00","modified_gmt":"2016-01-28T09:46:00","slug":"il-ritorno-di-barbablu-los-angeles","status":"publish","type":"post","link":"https:\/\/conslosangeles.esteri.it\/it\/news\/dal_consolato\/2016\/01\/il-ritorno-di-barbablu-los-angeles\/","title":{"rendered":"Il Ritorno di Barbabl\u00f9 Los Angeles Restituisce all\u2019Italia la Testa di Ade"},"content":{"rendered":"<p style=\"text-align: justify;\">Grazie alla efficace collaborazione tra il Consolato Generale a Los Angeles, la Procura di Enna e l\u2019Arma dei Carabinieri con il John Paul Getty Museum verr\u00e0 riportata in Italia la Testa di Ade, detta anche Barbabl\u00f9, di eccezionale valore artistico, gi\u00e0 parte della collezione del Getty Villa di Malibu.<\/p>\n<p style=\"text-align: justify;\">Trafugato attorno al Santuario extraurbano di San Francesco Bisconti a Morgantina (Enna) alla fine degli anni \u201870, il reperto venne esportato illecitamente e venduto al Getty nel 1985 per 500.000 dollari.<\/p>\n<p style=\"text-align: justify;\">\u201cDobbiamo soprattutto all\u2019impegno e alla competenza degli archeologi italiani\u201d, ha sottolineato il Console Generale Antonio Verde, \u201cse da un ricciolo di ceramica blu ritrovato tra i resti degli scavi di frodo a San Francesco Bisconti si \u00e8 potuta accertare la provenienza della testa dello stesso caratteristico colore custodita al Getty\u201d. Il Sostituto Procuratore della Repubblica Francesco Rio, autore nel 2014 della rogatoria internazionale che ha posto le basi per la restituzione, ha inoltre espresso apprezzamento per l\u2019immediata disponibilit\u00e0 offerta dall\u2019impoortante Museo californiano che ha consentito la comparazione con la Testa di Ade del primo ricciolo, e di altri tre poi ritrovati grazie al Museo Archeologico di Aidone (Enna), oltre che per l\u2019accurato lavoro svolto dal Nucleo di Palermo dei Carabinieri Tutela Patrimonio Culturale, diretto dal Maggiore Luigi Mancuso,<\/p>\n<p style=\"text-align: justify;\">La Testa di Ade, restituita oggi dal J. Paul Getty Museum alla presenza del Console Generale e delle nostre Autorit\u00e0 giudiziarie e di polizia, torner\u00e0 in Italia il 29 gennaio per essere restituita alla sua terra di origine.<\/p>\n<p style=\"text-align: justify;\">Raro e pregiato, un unicum nel suo genere, sia per il tipo di materiale utilizzato, assai fragile, che per le consistenti tracce di policromia, rosso mattone nei capelli e blu nella barba, che valsero alla testa il soprannome di Barbabl\u00f9, il reperto \u00e8 una testa in terracotta policroma, di epoca ellenistica dalle dimensioni 27,3&#215;20, 5&#215;18,5 cm., leggermente maggiore del naturale, rappresentante probabilmente il Dio Ade, divinit\u00e0 legata al culto di Demetra e Kore particolarmente presente nell\u2019interno della Sicilia.<\/p>\n<table style=\"height: 266px; margin-left: auto; margin-right: auto; width: 557px;\">\n<tbody>\n<tr>\n<td>\n<p>\u00a0 \u00a0 \u00a0 \u00a0 \u00a0 \u00a0 \u00a0 \u00a0 \u00a0<\/p>\n<p>\u00a0 \u00a0 <a href=\"https:\/\/youtu.be\/_2BMh1wyp1U\">La Testa Barbabl\u00f9 &#8211; Servizio RAINEWS<\/a><\/p>\n<p><a href=\"https:\/\/youtu.be\/_2BMh1wyp1U\"><img loading=\"lazy\" decoding=\"async\" style=\"display: block; margin-left: auto; margin-right: auto;\" src=\"resource\/img\/2016\/01\/testa_di_ade_thumbnail.jpg\" alt=\"testa di ade thumbnail\" width=\"284\" height=\"213\" \/><\/a><\/p>\n<\/td>\n<td>\n<p>\u00a0 \u00a0 \u00a0<br \/>\u00a0 \u00a0 \u00a0 <a href=\"https:\/\/youtu.be\/_2BMh1wyp1U\">Album fotografico Flickr<\/a><\/p>\n<p><img loading=\"lazy\" decoding=\"async\" style=\"display: block; margin-left: auto; margin-right: auto;\" src=\"resource\/img\/2016\/01\/testa_di_ade_small.jpg\" alt=\"testa di ade small\" width=\"138\" height=\"207\" \/><\/p>\n<\/td>\n<\/tr>\n<\/tbody>\n<\/table>\n<p style=\"text-align: center;\">\u00a0<\/p>\n<p style=\"text-align: center;\"><a href=\"http:\/\/www.esteri.it\/mae\/it\/sala_stampa\/archivionotizie\/approfondimenti\/los-angeles-restituisce-all-italia.html\">Ministero degli Affari Esteri &#8211; Approfondimenti, Archivio Comunicati e notizie<\/a><\/p>\n<p><a href=\"http:\/\/www.esteri.it\/mae\/it\/sala_stampa\/archivionotizie\/approfondimenti\/los-angeles-restituisce-all-italia.html\"><img loading=\"lazy\" decoding=\"async\" style=\"display: block; margin-left: auto; margin-right: auto;\" src=\"resource\/img\/2016\/01\/articolo_mae.jpg\" alt=\"articolo mae\" width=\"301\" height=\"236\" \/><\/a><\/p>\n<p>\u00a0<\/p>\n","protected":false},"excerpt":{"rendered":"Grazie alla efficace collaborazione tra il Consolato Generale a Los Angeles, la Procura di Enna e l\u2019Arma dei Carabinieri con il John Paul Getty Museum verr\u00e0 riportata in Italia la Testa di Ade, detta anche Barbabl\u00f9, di eccezionale valore artistico, gi\u00e0 parte della collezione del Getty Villa di Malibu. Trafugato attorno al Santuario extraurbano di [&hellip;]","protected":false},"author":1,"featured_media":0,"comment_status":"","ping_status":"","sticky":false,"template":"","format":"standard","meta":{"footnotes":""},"tags":[],"class_list":["post-3966","post","type-post","status-publish","format-standard","hentry"],"_links":{"self":[{"href":"https:\/\/conslosangeles.esteri.it\/it\/wp-json\/wp\/v2\/posts\/3966","targetHints":{"allow":["GET"]}}],"collection":[{"href":"https:\/\/conslosangeles.esteri.it\/it\/wp-json\/wp\/v2\/posts"}],"about":[{"href":"https:\/\/conslosangeles.esteri.it\/it\/wp-json\/wp\/v2\/types\/post"}],"author":[{"embeddable":true,"href":"https:\/\/conslosangeles.esteri.it\/it\/wp-json\/wp\/v2\/users\/1"}],"replies":[{"embeddable":true,"href":"https:\/\/conslosangeles.esteri.it\/it\/wp-json\/wp\/v2\/comments?post=3966"}],"version-history":[{"count":0,"href":"https:\/\/conslosangeles.esteri.it\/it\/wp-json\/wp\/v2\/posts\/3966\/revisions"}],"wp:attachment":[{"href":"https:\/\/conslosangeles.esteri.it\/it\/wp-json\/wp\/v2\/media?parent=3966"}],"wp:term":[{"taxonomy":"post_tag","embeddable":true,"href":"https:\/\/conslosangeles.esteri.it\/it\/wp-json\/wp\/v2\/tags?post=3966"}],"curies":[{"name":"wp","href":"https:\/\/api.w.org\/{rel}","templated":true}]}}